{"id":1316,"date":"2020-01-28T21:18:46","date_gmt":"2020-01-28T19:18:46","guid":{"rendered":"https:\/\/www.residenceambient.ro\/?p=1316"},"modified":"2020-01-28T21:19:21","modified_gmt":"2020-01-28T19:19:21","slug":"sezonul-de-ski-2019-2020","status":"publish","type":"post","link":"https:\/\/www.residenceambient.ro\/ro\/sezonul-de-ski-2019-2020\/","title":{"rendered":"Sezonul de ski 2019 &#8211; 2020"},"content":{"rendered":"<p>Poiana Bra\u0219ov este cea mai c\u0103utat\u0103 sta\u021biune de schi din \u021bar\u0103, sta\u021biune situat\u0103 la poalele versantului de nord al mun\u021bilor Post\u0103varu \u0219i la 12 km de ora\u0219ul Bra\u0219ov. Poiana a fost din vechi timpuri destina\u021bia drume\u021biilor \u0219i a practic\u0103rii sporturilor de iarn\u0103. Prima men\u021biune documentar\u0103 a acestui loc dateaz\u0103 din 1427. Schiorii au urcat Post\u0103varu \u00eenc\u0103 din 1895, iar \u00een 1906 \u00een Poian\u0103 a avut loc primul concurs de schi. \u00cen anul 1951, Poiana Bra\u0219ov a g\u0103zduit Jocurile Studen\u021be\u0219ti Interna\u021bionale de Iarn\u0103.<\/p>\n<p>Pe domeniul schiabil din <strong><a href=\"http:\/\/www.poianabrasovinfoturist.ro\/despre-poiana-brasov\/\" target=\"_blank\" rel=\"noopener noreferrer\">Poiana Bra\u015fov<\/a><\/strong>, pe Masivul Post\u0103varu, toate elementele de siguran\u0163\u0103 sunt montate, toate lucr\u0103rile de pregratire \u0219i \u00eent\u00e2mpinare a pasiona\u021bilor de ski sunt gata \u0219i ner\u0103bd\u0103toare s\u0103 fie practicate.<\/p>\n<p>Plasele \u0219i saltelele de protective au fost montate, instala\u021biile de producere a z\u0103pezii sunt verificate lafel c\u0103 \u0219i transportul pe cabrul, iar tunurile mobile sunt pozi\u021bionate, gata s\u0103 imbiei turele de ski. Instala\u021biile de producere a z\u0103pezii artificale au fost testate \u0219i pornite pentru c\u00e2teva zile, \u00eens\u0103 temperaturile nea\u0219teptat de ridicate au f\u0103cut c\u0103 sezonul de ski s\u0103 se lase \u0219i mai a\u0219teptat dec\u00e2t p\u00e2n\u0103 acum, iar ratracurile s\u0103 r\u0103m\u00e2n\u0103 parcate, \u00eenc\u0103lzite de razele domoale ale soarelui.<\/p>\n<p>Se a\u0219teapt\u0103 cu ner\u0103bdare deschiderea domeniului schiabil din Poiana Bra\u0219ov care ofer\u0103 7 p\u00e2rtii de schii, cu o lungime total\u0103 de 24 de km \u00eentinse pe o suprafa\u021b\u0103 de aproximativ 80 de hectare. Domeniul ofer\u0103 p\u00e2rtii pentru toate gradele de dificultate: 45% p\u00e2rtii dificile (indicative negre) , \u00een timp ce spa\u021biile ocupate de p\u00e2rtiile u\u0219oare (indicative albastru) este doar de 15%, restul fiind p\u00e2rtii ro\u0219ii ( medii ca dificultate).<\/p>\n<p>P\u00e2rtia Stadion \u2013 325 m \u2013 u\u0219oar\u0103 \u2013 indicativ: albastr\u0103<br \/>\nP\u00e2rtia Bradul \u2013 465 m \u2013 u\u0219oar\u0103 indicativ: albastr\u0103<br \/>\nP\u00e2rtia Drumul Ro\u0219u \u2013 5600 m \u2013 u\u0219oar\u0103 &#8211; indicativ: albastr\u0103<br \/>\nP\u00e2rtia Sulinar \u2013 2441 m \u2013 medie &#8211; indicativ: ro\u0219ie<br \/>\nP\u00e2rtia Kanzel \u2013 450 m \u2013 dificil\u0103 &#8211; indicativ: neagr\u0103<br \/>\nP\u00e2rtia Ruia ( Subteleferic) \u2013 1035 m \u2013 dificil\u0103 &#8211; indicativ: neagr\u0103<br \/>\nP\u00e2rtia Lupului \u2013 2860 m \u2013 dificil\u0103 &#8211; neagr\u0103 \u2013 indicativ: neagr\u0103<\/p>\n<p>O zi de schi \u00eencepe de la 150 lei pentru adult \u0219i 65 de lei pentru copil, iar programul instala\u021biilor de urcare pe cablu este de la ora 9:00 &#8211; 16:00.<\/p>\n<p>Chiar dac\u0103 p\u00e2rtiile de schi nu sunt \u00eembr\u0103cate \u00een stratul alb al z\u0103pezii p\u00e2rtiile masivului Postavaru se pot str\u0103bate la pas \u00een bocanci de munte, iar peisajul pe care \u00eel ofer\u0103 este unul extraordinar \u0219i plin de energie pozitiv\u0103.<\/p>","protected":false},"excerpt":{"rendered":"<p>Poiana Bra\u0219ov este cea mai c\u0103utat\u0103 sta\u021biune de schi din \u021bar\u0103, sta\u021biune situat\u0103 la poalele versantului de nord al mun\u021bilor [&hellip;]<\/p>\n","protected":false},"author":2,"featured_media":1318,"comment_status":"open","ping_status":"open","sticky":false,"template":"","format":"standard","meta":{"footnotes":""},"categories":[35,43,33,44],"tags":[59,66,90,91],"yst_prominent_words":[110],"class_list":["post-1316","post","type-post","status-publish","format-standard","has-post-thumbnail","hentry","category-ambient-news","category-brasov","category-residence-ambient","category-ski","tag-camere-brasov","tag-cazare-brasov","tag-sezonul-de-ski-2019-2020","tag-vacanta-la-munte"],"yoast_head":"<!-- This site is optimized with the Yoast SEO Premium plugin v14.0.2 - https:\/\/yoast.com\/wordpress\/plugins\/seo\/ -->\n<title>Sezonul de ski 2019 - 2020 - Ambient Residence - Bra\u0219ov (Rom\u00e2nia) - Rezerv\u0103 la cel mai bun pre\u021b pentru propriet\u0103\u0163ile Ambient<\/title>\n<meta name=\"robots\" content=\"index, follow\" \/>\n<meta name=\"googlebot\" content=\"index, follow, max-snippet:-1, max-image-preview:large, max-video-preview:-1\" \/>\n<meta name=\"bingbot\" content=\"index, follow, max-snippet:-1, max-image-preview:large, max-video-preview:-1\" \/>\n<link rel=\"canonical\" href=\"https:\/\/www.residenceambient.ro\/ro\/sezonul-de-ski-2019-2020\/\" \/>\n<meta property=\"og:locale\" content=\"ro_RO\" \/>\n<meta property=\"og:type\" content=\"article\" \/>\n<meta property=\"og:title\" content=\"[:ro]Sezonul de ski 2019 - 2020[:en]Ski Season 2019 \u2013 2020[:es]Ski Season 2019 \u2013 2020[:de]Ski Season 2019 \u2013 2020[:] - Ambient Residence - Bra\u0219ov (Rom\u00e2nia) - Rezerv\u0103 la cel mai bun pre\u021b pentru propriet\u0103\u0163ile Ambient\" \/>\n<meta property=\"og:description\" content=\"Poiana Bra\u0219ov este cea mai c\u0103utat\u0103 sta\u021biune de schi din \u021bar\u0103, sta\u021biune situat\u0103 la poalele versantului de nord al mun\u021bilor [&hellip;]\" \/>\n<meta property=\"og:url\" content=\"https:\/\/www.residenceambient.ro\/ro\/sezonul-de-ski-2019-2020\/\" \/>\n<meta property=\"og:site_name\" content=\"Ambient Residence - Bra\u0219ov (Rom\u00e2nia) - Rezerv\u0103 la cel mai bun pre\u021b pentru propriet\u0103\u0163ile Ambient\" \/>\n<meta property=\"article:published_time\" content=\"2020-01-28T19:18:46+00:00\" \/>\n<meta property=\"article:modified_time\" content=\"2020-01-28T19:19:21+00:00\" \/>\n<meta property=\"og:image\" content=\"https:\/\/www.residenceambient.ro\/wp-content\/uploads\/2020\/01\/ski-season-residence-ambient-brasov.jpg\" \/>\n\t<meta property=\"og:image:width\" content=\"768\" \/>\n\t<meta property=\"og:image:height\" content=\"512\" \/>\n<meta name=\"twitter:card\" content=\"summary_large_image\" \/>\n<script type=\"application\/ld+json\" class=\"yoast-schema-graph\">{\"@context\":\"https:\/\/schema.org\",\"@graph\":[{\"@type\":\"WebSite\",\"@id\":\"https:\/\/www.residenceambient.ro\/ro\/#website\",\"url\":\"https:\/\/www.residenceambient.ro\/ro\/\",\"name\":\"Ambient Residence - Bra\\u0219ov (Rom\\u00e2nia) - Rezerv\\u0103 la cel mai bun pre\\u021b pentru propriet\\u0103\\u0163ile Ambient\",\"description\":\"Site-ul oficial\",\"potentialAction\":[{\"@type\":\"SearchAction\",\"target\":\"https:\/\/www.residenceambient.ro\/ro\/?s={search_term_string}\",\"query-input\":\"required name=search_term_string\"}],\"inLanguage\":\"ro-RO\"},{\"@type\":\"ImageObject\",\"@id\":\"https:\/\/www.residenceambient.ro\/ro\/sezonul-de-ski-2019-2020\/#primaryimage\",\"inLanguage\":\"ro-RO\",\"url\":\"https:\/\/www.residenceambient.ro\/wp-content\/uploads\/2020\/01\/ski-season-residence-ambient-brasov.jpg\",\"width\":768,\"height\":512},{\"@type\":\"WebPage\",\"@id\":\"https:\/\/www.residenceambient.ro\/ro\/sezonul-de-ski-2019-2020\/#webpage\",\"url\":\"https:\/\/www.residenceambient.ro\/ro\/sezonul-de-ski-2019-2020\/\",\"name\":\"[:ro]Sezonul de ski 2019 - 2020[:en]Ski Season 2019 \\u2013 2020[:es]Ski Season 2019 \\u2013 2020[:de]Ski Season 2019 \\u2013 2020[:] - Ambient Residence - Bra\\u0219ov (Rom\\u00e2nia) - Rezerv\\u0103 la cel mai bun pre\\u021b pentru propriet\\u0103\\u0163ile Ambient\",\"isPartOf\":{\"@id\":\"https:\/\/www.residenceambient.ro\/ro\/#website\"},\"primaryImageOfPage\":{\"@id\":\"https:\/\/www.residenceambient.ro\/ro\/sezonul-de-ski-2019-2020\/#primaryimage\"},\"datePublished\":\"2020-01-28T19:18:46+00:00\",\"dateModified\":\"2020-01-28T19:19:21+00:00\",\"author\":{\"@id\":\"https:\/\/www.residenceambient.ro\/ro\/#\/schema\/person\/7e29943c4a2a074d746953e827091e9d\"},\"inLanguage\":\"ro-RO\",\"potentialAction\":[{\"@type\":\"ReadAction\",\"target\":[\"https:\/\/www.residenceambient.ro\/ro\/sezonul-de-ski-2019-2020\/\"]}]},{\"@type\":[\"Person\"],\"@id\":\"https:\/\/www.residenceambient.ro\/ro\/#\/schema\/person\/7e29943c4a2a074d746953e827091e9d\",\"name\":\"Diana Stoica\",\"image\":{\"@type\":\"ImageObject\",\"@id\":\"https:\/\/www.residenceambient.ro\/ro\/#personlogo\",\"inLanguage\":\"ro-RO\",\"url\":\"https:\/\/secure.gravatar.com\/avatar\/3ec0b4d97d289305a4378448fe13c96d001ca523263d519095ba9bf6f0b42055?s=96&d=mm&r=g\",\"caption\":\"Diana Stoica\"}}]}<\/script>\n<!-- \/ Yoast SEO Premium plugin. -->","_links":{"self":[{"href":"https:\/\/www.residenceambient.ro\/ro\/wp-json\/wp\/v2\/posts\/1316","targetHints":{"allow":["GET"]}}],"collection":[{"href":"https:\/\/www.residenceambient.ro\/ro\/wp-json\/wp\/v2\/posts"}],"about":[{"href":"https:\/\/www.residenceambient.ro\/ro\/wp-json\/wp\/v2\/types\/post"}],"author":[{"embeddable":true,"href":"https:\/\/www.residenceambient.ro\/ro\/wp-json\/wp\/v2\/users\/2"}],"replies":[{"embeddable":true,"href":"https:\/\/www.residenceambient.ro\/ro\/wp-json\/wp\/v2\/comments?post=1316"}],"version-history":[{"count":3,"href":"https:\/\/www.residenceambient.ro\/ro\/wp-json\/wp\/v2\/posts\/1316\/revisions"}],"predecessor-version":[{"id":1321,"href":"https:\/\/www.residenceambient.ro\/ro\/wp-json\/wp\/v2\/posts\/1316\/revisions\/1321"}],"wp:featuredmedia":[{"embeddable":true,"href":"https:\/\/www.residenceambient.ro\/ro\/wp-json\/wp\/v2\/media\/1318"}],"wp:attachment":[{"href":"https:\/\/www.residenceambient.ro\/ro\/wp-json\/wp\/v2\/media?parent=1316"}],"wp:term":[{"taxonomy":"category","embeddable":true,"href":"https:\/\/www.residenceambient.ro\/ro\/wp-json\/wp\/v2\/categories?post=1316"},{"taxonomy":"post_tag","embeddable":true,"href":"https:\/\/www.residenceambient.ro\/ro\/wp-json\/wp\/v2\/tags?post=1316"},{"taxonomy":"yst_prominent_words","embeddable":true,"href":"https:\/\/www.residenceambient.ro\/ro\/wp-json\/wp\/v2\/yst_prominent_words?post=1316"}],"curies":[{"name":"wp","href":"https:\/\/api.w.org\/{rel}","templated":true}]}}