{"id":1178,"date":"2018-12-11T11:49:19","date_gmt":"2018-12-11T09:49:19","guid":{"rendered":"https:\/\/www.residenceambient.ro\/?p=1178"},"modified":"2018-12-11T11:49:19","modified_gmt":"2018-12-11T09:49:19","slug":"decembrie-2018-in-brasov","status":"publish","type":"post","link":"https:\/\/www.residenceambient.ro\/ro\/decembrie-2018-in-brasov\/","title":{"rendered":"Decembrie 2018 \u00een Bra\u0219ov"},"content":{"rendered":"<p>Lua\u021bi-v\u0103 s\u0103niile \u0219i veni\u021bi la Bra\u0219ov!<\/p>\n<p>Luna Decembrie a sosit, de asemenea \u0219i s\u0103rb\u0103torile negre\u0219it, a\u0219a c\u0103 fi\u021bi curajo\u0219i \u0219i veni\u021bi la munte pentru a petrece clipe de neuitat al\u0103turi de cei dragi. Ambient Residence v\u0103 a\u0219teapt\u0103 cu bra\u021bele deschise \u0219i oferte de nerefuzat.<\/p>\n<p>Pe 1 Decembrie, nu s\u0103rb\u0103torim doar Ziua Na\u021bional\u0103 a Rom\u00e2niei, ci \u0219i 100 de ani de la Marea Unire. A\u0219adar, cu acest prilej, am organizat o petrecere \u00een stil rom\u00e2nesc la <a href=\"http:\/\/www.resortambient.ro\/\" target=\"_blank\" rel=\"noopener\">Resortul<\/a> nostru din Cristian unde v\u0103 a\u0219tept\u0103m cu drag.<\/p>\n<p>Tot la Resort Ambient \u0219i tot cu prilejul s\u0103rb\u0103torilor v\u0103 a\u0219tept\u0103m \u0219i \u00een ajunul <strong>Cr\u0103ciunului<\/strong>, s\u0103 s\u0103rbatorim \u00eempreun\u0103 magia acestui eveniment, \u0219i de asemenea nelipsita petrecere dintre ani. V\u0103 invit\u0103m cu mare pl\u0103cere s\u0103 \u00eendr\u0103zni\u021bi s\u0103 ne contacta\u021bi pentru restul detaliilor.<\/p>\n<p>Acum c\u0103 v-am dezv\u0103luit surprizele oferite de noi \u00een aceast\u0103 lun\u0103, v\u0103 vom dezv\u0103lui de asemenea \u0219i c\u00e2teva din surprizele preg\u0103tite de \u00eentregul ora\u0219.<\/p>\n<p>De Ziua Na\u021bionl\u0103 a Rom\u00e2niei ve\u021bi putea lua parte \u00een <a href=\"https:\/\/www.welcometoromania.ro\/Brasov\/Brasov_Piata_Sfatului_r.htm\" target=\"_blank\" rel=\"noopener\">Pia\u021ba Sfatului<\/a> la nenum\u0103rate spectacole, cum ar fi, dans folcoric dedicat acestei s\u0103rb\u0103tori, Festivitatea aprinderii luminilor, concerte cu Antonia \u0219i Direc\u021bia 5, foc de artificii \u0219i \u00eenchei\u00e2nd seara \u00eentr-un mod unic cu Gala Centenarului Marii Uniri la Teatrul \u201cSic\u0103 Alexandrescu\u201d, de asemenea spectacolul fiind difuzat live \u0219i \u00een Pia\u021ba Sfatului.<\/p>\n<p>Pe 2 Decembrie, continu\u0103m cu concertele \u00een stil rom\u00e2nesc al\u0103turi de Subcarpa\u021bi iar la Castelul Bran cu ultima sear\u0103 de \u201cPetrecere a Tuturor Strigoilor\u201d.<\/p>\n<p>Fiind o lun\u0103 plin\u0103 de poveste \u0219i art\u0103, Bra\u0219ovul nu se las\u0103 mai prejos \u0219i g\u0103zduie\u0219te concerte at\u00e2t de colinde c\u00e2t \u0219i de muzic\u0103 u\u0219oar\u0103 sau clasic\u0103 al\u0103turi de mul\u021bi arti\u0219ti, precum Fuego, Tudor Gheorghe, Damian Dr\u0103ghici, Ducu Bertzi, Trupa Taxi, Johann Strauss Ensemble \u0219i Corul Na\u021bional de Camer\u0103 \u201eMadrigal &#8211; Marin Constantin\u201d.<\/p>\n<p>\u00centre 14 \u0219i 16 Decembrie se va desf\u0103\u0219ura T\u00e2rgul de Cr\u0103ciun, iar pe 15 Decembrie Mo\u0219 Cr\u0103ciun v\u0103 a\u0219teapt\u0103 \u00een Pia\u021ba Sfatului, asta dac\u0103 a\u021bi fost cumin\u021bi.<\/p>\n<p>L\u0103s\u00e2nd glumi\u021bele la o parte, p\u00e2n\u0103 \u00een data de 12 Decembrie pute\u021bi trece pe la <a href=\"http:\/\/www.centrulculturalreduta.ro\/ro\/\" target=\"_blank\" rel=\"noopener\">Centrul Cultural Reduta<\/a> care g\u0103zduie\u0219te a 4-a edi\u021bie de expozi\u021bie na\u021bional\u0103 \u201cOameni \u0219i Datini\u201d. Iar la Centrul Multicultural al Universit\u0103\u021bii Transilvania ve\u021bi putea reg\u0103si \u00een perioada 06-12 Decembrie, expozi\u021bia de pictur\u0103 \u201cSigmar Polke\u201d.<\/p>\n<p>V\u0103 a\u0219tept\u0103m cu bra\u021bele deschise s\u0103 descoperi\u021bi \u0219i restul surprizelor din aceast\u0103 lun\u0103 al\u0103turi de loca\u021biile noastre \u0219i echipa Ambient.<\/p>","protected":false},"excerpt":{"rendered":"<p>Lua\u021bi-v\u0103 s\u0103niile \u0219i veni\u021bi la Bra\u0219ov! Luna Decembrie a sosit, de asemenea \u0219i s\u0103rb\u0103torile negre\u0219it, a\u0219a c\u0103 fi\u021bi curajo\u0219i \u0219i [&hellip;]<\/p>\n","protected":false},"author":2,"featured_media":1179,"comment_status":"open","ping_status":"open","sticky":false,"template":"","format":"standard","meta":{"footnotes":""},"categories":[43,79,33,44],"tags":[66,70,89,88],"yst_prominent_words":[112,111,146],"class_list":["post-1178","post","type-post","status-publish","format-standard","has-post-thumbnail","hentry","category-brasov","category-latest-news","category-residence-ambient","category-ski","tag-cazare-brasov","tag-craciun","tag-revelion","tag-targul-de-craciun-brasov"],"yoast_head":"<!-- This site is optimized with the Yoast SEO Premium plugin v14.0.2 - https:\/\/yoast.com\/wordpress\/plugins\/seo\/ -->\n<title>Decembrie 2018 \u00een Bra\u0219ov - Ambient Residence - Bra\u0219ov (Rom\u00e2nia) - Rezerv\u0103 la cel mai bun pre\u021b pentru propriet\u0103\u0163ile Ambient<\/title>\n<meta name=\"robots\" content=\"index, follow\" \/>\n<meta name=\"googlebot\" content=\"index, follow, max-snippet:-1, max-image-preview:large, max-video-preview:-1\" \/>\n<meta name=\"bingbot\" content=\"index, follow, max-snippet:-1, max-image-preview:large, max-video-preview:-1\" \/>\n<link rel=\"canonical\" href=\"https:\/\/www.residenceambient.ro\/es\/decembrie-2018-in-brasov\/\" \/>\n<meta property=\"og:locale\" content=\"ro_RO\" \/>\n<meta property=\"og:type\" content=\"article\" \/>\n<meta property=\"og:title\" content=\"[:ro]Decembrie 2018 \u00een Bra\u0219ov[:en]December 2018 in Brasov[:es]December 2018 in Brasov[:de]December 2018 in Brasov[:] - Ambient Residence - Bra\u0219ov (Rom\u00e2nia) - Rezerv\u0103 la cel mai bun pre\u021b pentru propriet\u0103\u0163ile Ambient\" \/>\n<meta property=\"og:description\" content=\"Lua\u021bi-v\u0103 s\u0103niile \u0219i veni\u021bi la Bra\u0219ov! Luna Decembrie a sosit, de asemenea \u0219i s\u0103rb\u0103torile negre\u0219it, a\u0219a c\u0103 fi\u021bi curajo\u0219i \u0219i [&hellip;]\" \/>\n<meta property=\"og:url\" content=\"https:\/\/www.residenceambient.ro\/es\/decembrie-2018-in-brasov\/\" \/>\n<meta property=\"og:site_name\" content=\"Ambient Residence - Bra\u0219ov (Rom\u00e2nia) - Rezerv\u0103 la cel mai bun pre\u021b pentru propriet\u0103\u0163ile Ambient\" \/>\n<meta property=\"article:published_time\" content=\"2018-12-11T09:49:19+00:00\" \/>\n<meta property=\"og:image\" content=\"https:\/\/www.residenceambient.ro\/wp-content\/uploads\/2018\/12\/brasov_iarna.jpg\" \/>\n\t<meta property=\"og:image:width\" content=\"768\" \/>\n\t<meta property=\"og:image:height\" content=\"512\" \/>\n<meta name=\"twitter:card\" content=\"summary_large_image\" \/>\n<script type=\"application\/ld+json\" class=\"yoast-schema-graph\">{\"@context\":\"https:\/\/schema.org\",\"@graph\":[{\"@type\":\"WebSite\",\"@id\":\"https:\/\/www.residenceambient.ro\/ro\/#website\",\"url\":\"https:\/\/www.residenceambient.ro\/ro\/\",\"name\":\"Ambient Residence - Bra\\u0219ov (Rom\\u00e2nia) - Rezerv\\u0103 la cel mai bun pre\\u021b pentru propriet\\u0103\\u0163ile Ambient\",\"description\":\"Site-ul oficial\",\"potentialAction\":[{\"@type\":\"SearchAction\",\"target\":\"https:\/\/www.residenceambient.ro\/ro\/?s={search_term_string}\",\"query-input\":\"required name=search_term_string\"}],\"inLanguage\":\"ro-RO\"},{\"@type\":\"ImageObject\",\"@id\":\"https:\/\/www.residenceambient.ro\/es\/decembrie-2018-in-brasov\/#primaryimage\",\"inLanguage\":\"ro-RO\",\"url\":\"https:\/\/www.residenceambient.ro\/wp-content\/uploads\/2018\/12\/brasov_iarna.jpg\",\"width\":768,\"height\":512},{\"@type\":\"WebPage\",\"@id\":\"https:\/\/www.residenceambient.ro\/es\/decembrie-2018-in-brasov\/#webpage\",\"url\":\"https:\/\/www.residenceambient.ro\/es\/decembrie-2018-in-brasov\/\",\"name\":\"[:ro]Decembrie 2018 \\u00een Bra\\u0219ov[:en]December 2018 in Brasov[:es]December 2018 in Brasov[:de]December 2018 in Brasov[:] - Ambient Residence - Bra\\u0219ov (Rom\\u00e2nia) - Rezerv\\u0103 la cel mai bun pre\\u021b pentru propriet\\u0103\\u0163ile Ambient\",\"isPartOf\":{\"@id\":\"https:\/\/www.residenceambient.ro\/ro\/#website\"},\"primaryImageOfPage\":{\"@id\":\"https:\/\/www.residenceambient.ro\/es\/decembrie-2018-in-brasov\/#primaryimage\"},\"datePublished\":\"2018-12-11T09:49:19+00:00\",\"dateModified\":\"2018-12-11T09:49:19+00:00\",\"author\":{\"@id\":\"https:\/\/www.residenceambient.ro\/ro\/#\/schema\/person\/7e29943c4a2a074d746953e827091e9d\"},\"inLanguage\":\"ro-RO\",\"potentialAction\":[{\"@type\":\"ReadAction\",\"target\":[\"https:\/\/www.residenceambient.ro\/es\/decembrie-2018-in-brasov\/\"]}]},{\"@type\":[\"Person\"],\"@id\":\"https:\/\/www.residenceambient.ro\/ro\/#\/schema\/person\/7e29943c4a2a074d746953e827091e9d\",\"name\":\"Diana Stoica\",\"image\":{\"@type\":\"ImageObject\",\"@id\":\"https:\/\/www.residenceambient.ro\/ro\/#personlogo\",\"inLanguage\":\"ro-RO\",\"url\":\"https:\/\/secure.gravatar.com\/avatar\/3ec0b4d97d289305a4378448fe13c96d001ca523263d519095ba9bf6f0b42055?s=96&d=mm&r=g\",\"caption\":\"Diana Stoica\"}}]}<\/script>\n<!-- \/ Yoast SEO Premium plugin. -->","_links":{"self":[{"href":"https:\/\/www.residenceambient.ro\/ro\/wp-json\/wp\/v2\/posts\/1178","targetHints":{"allow":["GET"]}}],"collection":[{"href":"https:\/\/www.residenceambient.ro\/ro\/wp-json\/wp\/v2\/posts"}],"about":[{"href":"https:\/\/www.residenceambient.ro\/ro\/wp-json\/wp\/v2\/types\/post"}],"author":[{"embeddable":true,"href":"https:\/\/www.residenceambient.ro\/ro\/wp-json\/wp\/v2\/users\/2"}],"replies":[{"embeddable":true,"href":"https:\/\/www.residenceambient.ro\/ro\/wp-json\/wp\/v2\/comments?post=1178"}],"version-history":[{"count":1,"href":"https:\/\/www.residenceambient.ro\/ro\/wp-json\/wp\/v2\/posts\/1178\/revisions"}],"predecessor-version":[{"id":1180,"href":"https:\/\/www.residenceambient.ro\/ro\/wp-json\/wp\/v2\/posts\/1178\/revisions\/1180"}],"wp:featuredmedia":[{"embeddable":true,"href":"https:\/\/www.residenceambient.ro\/ro\/wp-json\/wp\/v2\/media\/1179"}],"wp:attachment":[{"href":"https:\/\/www.residenceambient.ro\/ro\/wp-json\/wp\/v2\/media?parent=1178"}],"wp:term":[{"taxonomy":"category","embeddable":true,"href":"https:\/\/www.residenceambient.ro\/ro\/wp-json\/wp\/v2\/categories?post=1178"},{"taxonomy":"post_tag","embeddable":true,"href":"https:\/\/www.residenceambient.ro\/ro\/wp-json\/wp\/v2\/tags?post=1178"},{"taxonomy":"yst_prominent_words","embeddable":true,"href":"https:\/\/www.residenceambient.ro\/ro\/wp-json\/wp\/v2\/yst_prominent_words?post=1178"}],"curies":[{"name":"wp","href":"https:\/\/api.w.org\/{rel}","templated":true}]}}