{"id":1089,"date":"2018-06-30T13:10:14","date_gmt":"2018-06-30T10:10:14","guid":{"rendered":"https:\/\/www.residenceambient.ro\/?p=1089"},"modified":"2018-06-30T13:13:48","modified_gmt":"2018-06-30T10:13:48","slug":"portul-popular-romanesc","status":"publish","type":"post","link":"https:\/\/www.residenceambient.ro\/ro\/portul-popular-romanesc\/","title":{"rendered":"Portul popular rom\u00e2nesc"},"content":{"rendered":"<p>Portul popular este una dintre cele mai importante forme de cultur\u0103 ale unui popor, pe baza lui realiz\u00e2ndu-se numeroase cercet\u0103ri precum, geneza istoric\u0103, principale etape de evolu\u0163ie si originalitatea \u00een raport cu portul altor popoare, precum \u0219i contribu\u0163ia lui \u00een procesul de genez\u0103 al unui popor.<\/p>\n<p>\u00cen evolu\u0163ia portului popular rom\u00e2nesc se eviden\u0163iaz\u0103 trei etape importante .\u00cen prima etap\u0103, s-a individualizat \u0219i diferen\u021biat \u00een raport cu cel al popoarelor vecine. Cromatica s-a diferen\u0163iat local pe categorii de v\u00e2rst\u0103 \u015fi zonal prin preferin\u0163ele pentru anumite tehnici, motive etc.<\/p>\n<p>Cea de-a doua etap\u0103 a fost influen\u0163at\u0103 de zona or\u0103\u015feneasc\u0103. Materialele industriale au \u00eenlocuit textilele casnice. Cur\u00e2nd, piesele tradi\u0163ionale au fost \u00eenlocuite \u00een portul zilnic, \u015fi mai apoi, \u00een portul de s\u0103rb\u0103toare. Declinul portului traditional s-a accentuat \u00een mai multe zone odat\u0103 cu dezvoltarea economiei de schimb \u015fi a leg\u0103turilor cu ora\u015fele. La p\u0103r\u0103sirea portului tradi\u021bional rom\u00e2nesc a contribuit \u015fi \u0163\u0103r\u0103nimea \u00eenst\u0103rit\u0103 care, \u00een lupta pentru avere \u015fi din dorin\u0163a de eviden\u0163iere, a adoptat costumul or\u0103\u015fenesc.<\/p>\n<p>\u00cen cea de a treia etap\u0103, contemporan\u0103, costumul popular nu se mai folose\u015fte \u00een mod regulat sau la treburile agricole. Portul se mai folose\u015fte local pentru valorificarea tradi\u0163iilor artistice sau la evenimente \u015fi s\u0103rb\u0103tori, \u00een regiuni ale \u0163\u0103rii unde se mai p\u0103strez\u0103 datinile \u015fi obiceiurile str\u0103vechi.<\/p>\n<p><strong>Portul tradi\u021bional din Transilvania<\/strong><\/p>\n<p>Despre Transilvania se poate afirma c\u0103 a fost spa\u021biul proprice pentru conturarea unei variet\u0103\u021bi tipologice a costumelor tradi\u021bionale. \u00cen timp, acestea au cunoscut o dezvoltare continu\u0103, mai ales datorit\u0103 succesiunii de perioade istorice, determin\u00e2nd astfel un registru morfologic \u0219i artistic specific fiec\u0103rei zone \u00een parte a regiunii, f\u0103r\u0103 a avea \u00eens\u0103 consecin\u021be asupra elementelor comune. Din piesele portului popular din Transilvania nu lipsesc piese specifice \u0219i celorlalte zone ale \u021b\u0103rii, precum: ie pentru femei \u0219i c\u0103m\u0103\u0219\u0103 pentru b\u0103rba\u021bi; pieptare \u0219i cojoace; catrin\u021be \u0219i cioareci; acoperitoare de cap \u0219i podoabe, dar \u0219i \u00eenc\u0103l\u021b\u0103minte.<\/p>\n<p>\u00cen ansamblu, ca \u0219i element specific al \u00eentregii zone, Transilvania se caracterizeaz\u0103 prin costumul cu catrin\u021b\u0103, dar \u0219i o mare varietate a acestei piese. Catrin\u021ba se poate defini ca o pies\u0103 dreptunghiular\u0103 \u00eengust\u0103, de aproximativ 40-50 cm, care se poart\u0103 a\u0219ezat\u0103 vertical \u00een fa\u021b\u0103 \u0219i \u00een spate de la br\u00e2u \u00een jos. De\u0219i, pies\u0103 comun\u0103 specific\u0103 Transilvaniei, catrin\u021ba se arat\u0103 diferit \u00een func\u021bie de zonele \u0219i influen\u021bele din regiune.<\/p>","protected":false},"excerpt":{"rendered":"<p>Portul popular este una dintre cele mai importante forme de cultur\u0103 ale unui popor, pe baza lui realiz\u00e2ndu-se numeroase cercet\u0103ri [&hellip;]<\/p>\n","protected":false},"author":2,"featured_media":1090,"comment_status":"open","ping_status":"open","sticky":false,"template":"","format":"standard","meta":{"footnotes":""},"categories":[79,33],"tags":[66,82,83],"yst_prominent_words":[110],"class_list":["post-1089","post","type-post","status-publish","format-standard","has-post-thumbnail","hentry","category-latest-news","category-residence-ambient","tag-cazare-brasov","tag-portul-popular-romanesc","tag-traditii-romania"],"yoast_head":"<!-- This site is optimized with the Yoast SEO Premium plugin v14.0.2 - https:\/\/yoast.com\/wordpress\/plugins\/seo\/ -->\n<title>Portul popular rom\u00e2nesc - Ambient Residence - Bra\u0219ov (Rom\u00e2nia) - Rezerv\u0103 la cel mai bun pre\u021b pentru propriet\u0103\u0163ile Ambient<\/title>\n<meta name=\"robots\" content=\"index, follow\" \/>\n<meta name=\"googlebot\" content=\"index, follow, max-snippet:-1, max-image-preview:large, max-video-preview:-1\" \/>\n<meta name=\"bingbot\" content=\"index, follow, max-snippet:-1, max-image-preview:large, max-video-preview:-1\" \/>\n<link rel=\"canonical\" href=\"https:\/\/www.residenceambient.ro\/es\/portul-popular-romanesc\/\" \/>\n<meta property=\"og:locale\" content=\"ro_RO\" \/>\n<meta property=\"og:type\" content=\"article\" \/>\n<meta property=\"og:title\" content=\"[:ro]Portul popular rom\u00e2nesc[:en]Romanian traditional costume[:es]Portul popular rom\u00e2nesc[:de]Romanian traditional costume[:] - Ambient Residence - Bra\u0219ov (Rom\u00e2nia) - Rezerv\u0103 la cel mai bun pre\u021b pentru propriet\u0103\u0163ile Ambient\" \/>\n<meta property=\"og:description\" content=\"Portul popular este una dintre cele mai importante forme de cultur\u0103 ale unui popor, pe baza lui realiz\u00e2ndu-se numeroase cercet\u0103ri [&hellip;]\" \/>\n<meta property=\"og:url\" content=\"https:\/\/www.residenceambient.ro\/es\/portul-popular-romanesc\/\" \/>\n<meta property=\"og:site_name\" content=\"Ambient Residence - Bra\u0219ov (Rom\u00e2nia) - Rezerv\u0103 la cel mai bun pre\u021b pentru propriet\u0103\u0163ile Ambient\" \/>\n<meta property=\"article:published_time\" content=\"2018-06-30T10:10:14+00:00\" \/>\n<meta property=\"article:modified_time\" content=\"2018-06-30T10:13:48+00:00\" \/>\n<meta property=\"og:image\" content=\"https:\/\/www.residenceambient.ro\/wp-content\/uploads\/2018\/06\/port_popular_romanesc.jpg\" \/>\n\t<meta property=\"og:image:width\" content=\"768\" \/>\n\t<meta property=\"og:image:height\" content=\"512\" \/>\n<meta name=\"twitter:card\" content=\"summary_large_image\" \/>\n<script type=\"application\/ld+json\" class=\"yoast-schema-graph\">{\"@context\":\"https:\/\/schema.org\",\"@graph\":[{\"@type\":\"WebSite\",\"@id\":\"https:\/\/www.residenceambient.ro\/ro\/#website\",\"url\":\"https:\/\/www.residenceambient.ro\/ro\/\",\"name\":\"Ambient Residence - Bra\\u0219ov (Rom\\u00e2nia) - Rezerv\\u0103 la cel mai bun pre\\u021b pentru propriet\\u0103\\u0163ile Ambient\",\"description\":\"Site-ul oficial\",\"potentialAction\":[{\"@type\":\"SearchAction\",\"target\":\"https:\/\/www.residenceambient.ro\/ro\/?s={search_term_string}\",\"query-input\":\"required name=search_term_string\"}],\"inLanguage\":\"ro-RO\"},{\"@type\":\"ImageObject\",\"@id\":\"https:\/\/www.residenceambient.ro\/es\/portul-popular-romanesc\/#primaryimage\",\"inLanguage\":\"ro-RO\",\"url\":\"https:\/\/www.residenceambient.ro\/wp-content\/uploads\/2018\/06\/port_popular_romanesc.jpg\",\"width\":768,\"height\":512},{\"@type\":\"WebPage\",\"@id\":\"https:\/\/www.residenceambient.ro\/es\/portul-popular-romanesc\/#webpage\",\"url\":\"https:\/\/www.residenceambient.ro\/es\/portul-popular-romanesc\/\",\"name\":\"[:ro]Portul popular rom\\u00e2nesc[:en]Romanian traditional costume[:es]Portul popular rom\\u00e2nesc[:de]Romanian traditional costume[:] - Ambient Residence - Bra\\u0219ov (Rom\\u00e2nia) - Rezerv\\u0103 la cel mai bun pre\\u021b pentru propriet\\u0103\\u0163ile Ambient\",\"isPartOf\":{\"@id\":\"https:\/\/www.residenceambient.ro\/ro\/#website\"},\"primaryImageOfPage\":{\"@id\":\"https:\/\/www.residenceambient.ro\/es\/portul-popular-romanesc\/#primaryimage\"},\"datePublished\":\"2018-06-30T10:10:14+00:00\",\"dateModified\":\"2018-06-30T10:13:48+00:00\",\"author\":{\"@id\":\"https:\/\/www.residenceambient.ro\/ro\/#\/schema\/person\/7e29943c4a2a074d746953e827091e9d\"},\"inLanguage\":\"ro-RO\",\"potentialAction\":[{\"@type\":\"ReadAction\",\"target\":[\"https:\/\/www.residenceambient.ro\/es\/portul-popular-romanesc\/\"]}]},{\"@type\":[\"Person\"],\"@id\":\"https:\/\/www.residenceambient.ro\/ro\/#\/schema\/person\/7e29943c4a2a074d746953e827091e9d\",\"name\":\"Diana Stoica\",\"image\":{\"@type\":\"ImageObject\",\"@id\":\"https:\/\/www.residenceambient.ro\/ro\/#personlogo\",\"inLanguage\":\"ro-RO\",\"url\":\"https:\/\/secure.gravatar.com\/avatar\/3ec0b4d97d289305a4378448fe13c96d001ca523263d519095ba9bf6f0b42055?s=96&d=mm&r=g\",\"caption\":\"Diana Stoica\"}}]}<\/script>\n<!-- \/ Yoast SEO Premium plugin. -->","_links":{"self":[{"href":"https:\/\/www.residenceambient.ro\/ro\/wp-json\/wp\/v2\/posts\/1089","targetHints":{"allow":["GET"]}}],"collection":[{"href":"https:\/\/www.residenceambient.ro\/ro\/wp-json\/wp\/v2\/posts"}],"about":[{"href":"https:\/\/www.residenceambient.ro\/ro\/wp-json\/wp\/v2\/types\/post"}],"author":[{"embeddable":true,"href":"https:\/\/www.residenceambient.ro\/ro\/wp-json\/wp\/v2\/users\/2"}],"replies":[{"embeddable":true,"href":"https:\/\/www.residenceambient.ro\/ro\/wp-json\/wp\/v2\/comments?post=1089"}],"version-history":[{"count":1,"href":"https:\/\/www.residenceambient.ro\/ro\/wp-json\/wp\/v2\/posts\/1089\/revisions"}],"predecessor-version":[{"id":1091,"href":"https:\/\/www.residenceambient.ro\/ro\/wp-json\/wp\/v2\/posts\/1089\/revisions\/1091"}],"wp:featuredmedia":[{"embeddable":true,"href":"https:\/\/www.residenceambient.ro\/ro\/wp-json\/wp\/v2\/media\/1090"}],"wp:attachment":[{"href":"https:\/\/www.residenceambient.ro\/ro\/wp-json\/wp\/v2\/media?parent=1089"}],"wp:term":[{"taxonomy":"category","embeddable":true,"href":"https:\/\/www.residenceambient.ro\/ro\/wp-json\/wp\/v2\/categories?post=1089"},{"taxonomy":"post_tag","embeddable":true,"href":"https:\/\/www.residenceambient.ro\/ro\/wp-json\/wp\/v2\/tags?post=1089"},{"taxonomy":"yst_prominent_words","embeddable":true,"href":"https:\/\/www.residenceambient.ro\/ro\/wp-json\/wp\/v2\/yst_prominent_words?post=1089"}],"curies":[{"name":"wp","href":"https:\/\/api.w.org\/{rel}","templated":true}]}}