{"id":874,"date":"2017-05-18T02:11:56","date_gmt":"2017-05-17T23:11:56","guid":{"rendered":"https:\/\/www.residenceambient.ro\/?p=874"},"modified":"2017-05-18T02:13:25","modified_gmt":"2017-05-17T23:13:25","slug":"1-june-international-childrens-day","status":"publish","type":"post","link":"https:\/\/www.residenceambient.ro\/es\/1-june-international-childrens-day\/","title":{"rendered":"1 Junio, Dia Internacional de la Infancia"},"content":{"rendered":"<p>En el <a href=\"https:\/\/es.wikipedia.org\/wiki\/D%C3%ADa_del_Ni%C3%B1o\"><strong>1 de Junio<\/strong> <\/a>en Rumania se celebra El Dia de la Infancia y en Brasov est\u00e1n preparadas sorpresas y eventos divertidos tanto para los peque\u00f1os, como para los grandes.<\/p>\n<p>El equipo de Ambient Residence est\u00e1 entusiasmado con las preparaciones para este d\u00eda tan especial en el que nos divertiremos todos y volveremos a ser por un d\u00eda, ni\u00f1os otra vez, junto a nuestros hijos.<\/p>\n<p>Todos sabemos que los ni\u00f1os son el futuro y d\u00eda tras d\u00eda, los padres y madres hacemos<br \/>\ntodo lo posible para que nuestros peque\u00f1os se enriquezcan de sabidur\u00eda que les haga grandes en un futuro y para ello tienen que ser felices, disfrutar, viajar y tener nuestro amor.<\/p>\n<p>Ponemos a vuestra disposici\u00f3n nuestras c\u00f3modas habitaciones, que cuentan con generosos espacios para jugar y que ser\u00e1n vuestro hogar durante su visita en la bella ciudad de Brasov.<\/p>\n<p>Piata Sfatului, situada en el centro de Brasov ser\u00e1 testigo de la fiesta en la que los ni\u00f1os podr\u00e1n disfrutar de juegos, m\u00fasica, colores, dulces, sorpresas y disfraces.<\/p>\n<p>Los apasionados de los animales pueden optar por visitar el Jard\u00edn Zool\u00f3gico de Brasov, situado en el barrio Noua. Reci\u00e9n renovado, el jard\u00edn ofrece oportunidades maravillosas para admirar muchas especies comunes y raras. Los ni\u00f1os amantes de los dulces pueden empezar su visita en la pasteler\u00eda de la entrada en la que podr\u00e1n disfrutar de unos ricos pasteles tradicionales, helados y refrescos.<\/p>\n<p>Cada ni\u00f1o es \u00fanico y la Asamblea General de las Naciones Unidas pens\u00f3 lo mismo en 1956, cuando estableci\u00f3 el d\u00eda 1 de Junio el D\u00eda Internacional de la Infancia, porque no hay nada m\u00e1s importante que la felicidad y la sonrisa de nuestros peque\u00f1os.<\/p>\n<p>En la Conferencia Internacional en Defensa de la Ni\u00f1ez la ONU acord\u00f3 que cada pa\u00eds tendr\u00eda que instituir en su calendario el <a href=\"https:\/\/es.wikipedia.org\/wiki\/D%C3%ADa_del_Ni%C3%B1o\"><strong>D\u00eda Internacional de la Infancia<\/strong><\/a> o del Ni\u00f1o y en la fecha que quisiera cada estado.<br \/>\nMuchos pa\u00edses han mantenido la fecha que se ha acordado desde un principio, el 1 de Junio, pero en muchos otros, se ha modificado.<\/p>\n<p>En el a\u00f1o 1954, el Fondo Internacional para el Fondo de las Naciones Unidas para la Infancia (UNICEF) emiti\u00f3 una recomendaci\u00f3n que requiere que cada estado tenga un d\u00eda llamado \u00abD\u00eda del Ni\u00f1o\u00bb<\/p>\n<p>El D\u00eda del Ni\u00f1o fue iniciado el segundo domingo de junio de 1856 por el Reverendo Dr. Charles Leonard, pastor de la Iglesia Universalista del Redentor en Chelsea, Massachusetts. El Dr. Leonard realiz\u00f3 un servicio especial dedicado a, y para los ni\u00f1os. El nombr\u00f3 el d\u00eda Rose Day, aunque m\u00e1s tarde fue nombrado Flower Sunday y luego Children&#8217;s Day.<\/p>\n<p>Les esperamos con cari\u00f1o,<br \/>\nEquipo Ambient<\/p>","protected":false},"excerpt":{"rendered":"<p>En el 1 de Junio en Rumania se celebra El Dia de la Infancia y en Brasov est\u00e1n preparadas sorpresas [&hellip;]<\/p>\n","protected":false},"author":2,"featured_media":875,"comment_status":"open","ping_status":"open","sticky":false,"template":"","format":"standard","meta":{"footnotes":""},"categories":[35,43,34,55],"tags":[56,57],"yst_prominent_words":[111,110],"class_list":["post-874","post","type-post","status-publish","format-standard","has-post-thumbnail","hentry","category-ambient-news","category-brasov","category-group-ambient","category-international-childrens-day","tag-1-iunie-ziua-internationala-a-copilului","tag-parents"],"yoast_head":"<!-- This site is optimized with the Yoast SEO Premium plugin v14.0.2 - https:\/\/yoast.com\/wordpress\/plugins\/seo\/ -->\n<title>1 Junio, Dia Internacional de la Infancia - Ambient Residence - Brasov - Reserva al mejor precio las propriedades Ambient<\/title>\n<meta name=\"robots\" content=\"index, follow\" \/>\n<meta name=\"googlebot\" content=\"index, follow, max-snippet:-1, max-image-preview:large, max-video-preview:-1\" \/>\n<meta name=\"bingbot\" content=\"index, follow, max-snippet:-1, max-image-preview:large, max-video-preview:-1\" \/>\n<link rel=\"canonical\" href=\"https:\/\/www.residenceambient.ro\/en\/1-june-international-childrens-day\/\" \/>\n<meta property=\"og:locale\" content=\"es_ES\" \/>\n<meta property=\"og:type\" content=\"article\" \/>\n<meta property=\"og:title\" content=\"[:ro]1 Iunie, Ziua Interna\u0163ional\u0103 a Copilului[:en]1 June, International Children&#039;s Day[:es]1 Junio, Dia Internacional de la Infancia[:de]1 Juni, Internationaler Kindertag[:] - Ambient Residence - Brasov - Reserva al mejor precio las propriedades Ambient\" \/>\n<meta property=\"og:description\" content=\"En el 1 de Junio en Rumania se celebra El Dia de la Infancia y en Brasov est\u00e1n preparadas sorpresas [&hellip;]\" \/>\n<meta property=\"og:url\" content=\"https:\/\/www.residenceambient.ro\/en\/1-june-international-childrens-day\/\" \/>\n<meta property=\"og:site_name\" content=\"Ambient Residence - Brasov - Reserva al mejor precio las propriedades Ambient\" \/>\n<meta property=\"article:published_time\" content=\"2017-05-17T23:11:56+00:00\" \/>\n<meta property=\"article:modified_time\" content=\"2017-05-17T23:13:25+00:00\" \/>\n<meta property=\"og:image\" content=\"https:\/\/www.residenceambient.ro\/wp-content\/uploads\/2017\/05\/News1IunieResidenceAmbient.png\" \/>\n\t<meta property=\"og:image:width\" content=\"644\" \/>\n\t<meta property=\"og:image:height\" content=\"416\" \/>\n<meta name=\"twitter:card\" content=\"summary_large_image\" \/>\n<script type=\"application\/ld+json\" class=\"yoast-schema-graph\">{\"@context\":\"https:\/\/schema.org\",\"@graph\":[{\"@type\":\"WebSite\",\"@id\":\"https:\/\/www.residenceambient.ro\/es\/#website\",\"url\":\"https:\/\/www.residenceambient.ro\/es\/\",\"name\":\"Ambient Residence - Brasov - Reserva al mejor precio las propriedades Ambient\",\"description\":\"Site Oficial\",\"potentialAction\":[{\"@type\":\"SearchAction\",\"target\":\"https:\/\/www.residenceambient.ro\/es\/?s={search_term_string}\",\"query-input\":\"required name=search_term_string\"}],\"inLanguage\":\"es\"},{\"@type\":\"ImageObject\",\"@id\":\"https:\/\/www.residenceambient.ro\/en\/1-june-international-childrens-day\/#primaryimage\",\"inLanguage\":\"es\",\"url\":\"https:\/\/www.residenceambient.ro\/wp-content\/uploads\/2017\/05\/News1IunieResidenceAmbient.png\",\"width\":644,\"height\":416},{\"@type\":\"WebPage\",\"@id\":\"https:\/\/www.residenceambient.ro\/en\/1-june-international-childrens-day\/#webpage\",\"url\":\"https:\/\/www.residenceambient.ro\/en\/1-june-international-childrens-day\/\",\"name\":\"[:ro]1 Iunie, Ziua Interna\\u0163ional\\u0103 a Copilului[:en]1 June, International Children's Day[:es]1 Junio, Dia Internacional de la Infancia[:de]1 Juni, Internationaler Kindertag[:] - Ambient Residence - Brasov - Reserva al mejor precio las propriedades Ambient\",\"isPartOf\":{\"@id\":\"https:\/\/www.residenceambient.ro\/es\/#website\"},\"primaryImageOfPage\":{\"@id\":\"https:\/\/www.residenceambient.ro\/en\/1-june-international-childrens-day\/#primaryimage\"},\"datePublished\":\"2017-05-17T23:11:56+00:00\",\"dateModified\":\"2017-05-17T23:13:25+00:00\",\"author\":{\"@id\":\"https:\/\/www.residenceambient.ro\/es\/#\/schema\/person\/7e29943c4a2a074d746953e827091e9d\"},\"inLanguage\":\"es\",\"potentialAction\":[{\"@type\":\"ReadAction\",\"target\":[\"https:\/\/www.residenceambient.ro\/en\/1-june-international-childrens-day\/\"]}]},{\"@type\":[\"Person\"],\"@id\":\"https:\/\/www.residenceambient.ro\/es\/#\/schema\/person\/7e29943c4a2a074d746953e827091e9d\",\"name\":\"Diana Stoica\",\"image\":{\"@type\":\"ImageObject\",\"@id\":\"https:\/\/www.residenceambient.ro\/es\/#personlogo\",\"inLanguage\":\"es\",\"url\":\"https:\/\/secure.gravatar.com\/avatar\/3ec0b4d97d289305a4378448fe13c96d001ca523263d519095ba9bf6f0b42055?s=96&d=mm&r=g\",\"caption\":\"Diana Stoica\"}}]}<\/script>\n<!-- \/ Yoast SEO Premium plugin. -->","_links":{"self":[{"href":"https:\/\/www.residenceambient.ro\/es\/wp-json\/wp\/v2\/posts\/874","targetHints":{"allow":["GET"]}}],"collection":[{"href":"https:\/\/www.residenceambient.ro\/es\/wp-json\/wp\/v2\/posts"}],"about":[{"href":"https:\/\/www.residenceambient.ro\/es\/wp-json\/wp\/v2\/types\/post"}],"author":[{"embeddable":true,"href":"https:\/\/www.residenceambient.ro\/es\/wp-json\/wp\/v2\/users\/2"}],"replies":[{"embeddable":true,"href":"https:\/\/www.residenceambient.ro\/es\/wp-json\/wp\/v2\/comments?post=874"}],"version-history":[{"count":2,"href":"https:\/\/www.residenceambient.ro\/es\/wp-json\/wp\/v2\/posts\/874\/revisions"}],"predecessor-version":[{"id":877,"href":"https:\/\/www.residenceambient.ro\/es\/wp-json\/wp\/v2\/posts\/874\/revisions\/877"}],"wp:featuredmedia":[{"embeddable":true,"href":"https:\/\/www.residenceambient.ro\/es\/wp-json\/wp\/v2\/media\/875"}],"wp:attachment":[{"href":"https:\/\/www.residenceambient.ro\/es\/wp-json\/wp\/v2\/media?parent=874"}],"wp:term":[{"taxonomy":"category","embeddable":true,"href":"https:\/\/www.residenceambient.ro\/es\/wp-json\/wp\/v2\/categories?post=874"},{"taxonomy":"post_tag","embeddable":true,"href":"https:\/\/www.residenceambient.ro\/es\/wp-json\/wp\/v2\/tags?post=874"},{"taxonomy":"yst_prominent_words","embeddable":true,"href":"https:\/\/www.residenceambient.ro\/es\/wp-json\/wp\/v2\/yst_prominent_words?post=874"}],"curies":[{"name":"wp","href":"https:\/\/api.w.org\/{rel}","templated":true}]}}